{"id":970,"date":"2016-10-17T12:15:01","date_gmt":"2016-10-17T11:15:01","guid":{"rendered":"http:\/\/montur.bluemapconsulting.com\/es\/?p=970"},"modified":"2016-10-17T12:15:01","modified_gmt":"2016-10-17T11:15:01","slug":"970","status":"publish","type":"post","link":"https:\/\/www.montur.cat\/es\/970\/","title":{"rendered":""},"content":{"rendered":"<div class=\"cabecera-documento\">\n<p>El Tribunal Europeo de Derechos Humanos, ha condenado a Espa\u00f1a a indemnizar a una madre a la que en la sentencia de divorcio el Juzgado acord\u00f3 una custodia compartida sin escuchar la opini\u00f3n de las hijas menores de edad, que pidieron al Juzgado expresar su opini\u00f3n.<\/p>\n<p>Atendiendo que las sentencias de este Tribunal son aplicables directamente en Espa\u00f1a y crean jurisprudencia, a partir de ahora se refuerza la obligaci\u00f3n de que en cualquier juicio en el que se traten temas que interesan a los menores de edad, como los juicios de divorcio , debe escucharse su opini\u00f3n.<\/p>\n<p>&nbsp;<\/p>\n<p id=\"titulo_doc\" class=\"Titulo_Documento\">\n<\/div>\n","protected":false},"excerpt":{"rendered":"<p>El Tribunal Europeo de Derechos Humanos, ha condenado a Espa\u00f1a a indemnizar a una madre a la que en la sentencia de divorcio el Juzgado acord\u00f3 una custodia compartida sin escuchar la opini\u00f3n de las hijas menores de edad, que pidieron al Juzgado expresar su opini\u00f3n. Atendiendo que las sentencias de este Tribunal son aplicables&hellip;<\/p>\n","protected":false},"author":3,"featured_media":968,"comment_status":"closed","ping_status":"open","sticky":false,"template":"","format":"standard","meta":{"footnotes":""},"categories":[22,23],"tags":[],"class_list":["post-970","post","type-post","status-publish","format-standard","has-post-thumbnail","hentry","category-destacadas","category-noticias","category-22","category-23","description-off"],"aioseo_notices":[],"aioseo_head":"\n\t\t<!-- All in One SEO 5.0.0.1 - aioseo.com -->\n\t<meta name=\"description\" content=\"El Tribunal Europeo de Derechos Humanos, ha condenado a Espa\u00f1a a indemnizar a una madre a la que en la sentencia de divorcio el Juzgado acord\u00f3 una custodia compartida sin escuchar la opini\u00f3n de las hijas menores de edad, que pidieron al Juzgado expresar su opini\u00f3n. Atendiendo que las sentencias de este Tribunal son aplicables\" \/>\n\t<meta name=\"robots\" content=\"max-image-preview:large\" \/>\n\t<meta name=\"author\" content=\"Montserrrat Tur\"\/>\n\t<link rel=\"canonical\" href=\"https:\/\/www.montur.cat\/es\/970\/\" \/>\n\t<meta name=\"generator\" content=\"All in One SEO (AIOSEO) 5.0.0.1\" \/>\n\t\t<meta property=\"og:locale\" content=\"es_ES\" \/>\n\t\t<meta property=\"og:site_name\" content=\"MONTUR\" \/>\n\t\t<meta property=\"og:type\" content=\"article\" \/>\n\t\t<meta property=\"og:title\" content=\"- MONTUR\" \/>\n\t\t<meta property=\"og:description\" content=\"El Tribunal Europeo de Derechos Humanos, ha condenado a Espa\u00f1a a indemnizar a una madre a la que en la sentencia de divorcio el Juzgado acord\u00f3 una custodia compartida sin escuchar la opini\u00f3n de las hijas menores de edad, que pidieron al Juzgado expresar su opini\u00f3n. Atendiendo que las sentencias de este Tribunal son aplicables\" \/>\n\t\t<meta property=\"og:url\" content=\"https:\/\/www.montur.cat\/es\/970\/\" \/>\n\t\t<meta property=\"og:image\" content=\"https:\/\/www.montur.cat\/wp-content\/uploads\/2016\/10\/tedh.jpeg\" \/>\n\t\t<meta property=\"og:image:secure_url\" content=\"https:\/\/www.montur.cat\/wp-content\/uploads\/2016\/10\/tedh.jpeg\" \/>\n\t\t<meta property=\"og:image:width\" content=\"332\" \/>\n\t\t<meta property=\"og:image:height\" content=\"132\" \/>\n\t\t<meta property=\"article:section\" content=\"Destacades\" \/>\n\t\t<meta property=\"article:published_time\" content=\"2016-10-17T11:15:01+00:00\" \/>\n\t\t<meta property=\"article:modified_time\" content=\"2016-10-17T11:15:01+00:00\" \/>\n\t\t<meta property=\"article:publisher\" content=\"https:\/\/www.facebook.com\/www.montur.cat\" \/>\n\t\t<meta name=\"twitter:card\" content=\"summary\" \/>\n\t\t<meta name=\"twitter:title\" content=\"- MONTUR\" \/>\n\t\t<meta name=\"twitter:description\" content=\"El Tribunal Europeo de Derechos Humanos, ha condenado a Espa\u00f1a a indemnizar a una madre a la que en la sentencia de divorcio el Juzgado acord\u00f3 una custodia compartida sin escuchar la opini\u00f3n de las hijas menores de edad, que pidieron al Juzgado expresar su opini\u00f3n. Atendiendo que las sentencias de este Tribunal son aplicables\" \/>\n\t\t<meta name=\"twitter:image\" content=\"https:\/\/www.montur.cat\/wp-content\/uploads\/2016\/10\/tedh.jpeg\" \/>\n\t\t<meta name=\"twitter:label1\" content=\"Escrito por\" \/>\n\t\t<meta name=\"twitter:data1\" content=\"Montserrrat Tur\" \/>\n\t\t<meta name=\"twitter:label2\" content=\"Tiempo de lectura estimado\" \/>\n\t\t<meta name=\"twitter:data2\" content=\"1 minuto\" \/>\n\t\t<script type=\"application\/ld+json\" class=\"aioseo-schema\">\n\t\t\t{\"@context\":\"https:\\\/\\\/schema.org\",\"@graph\":[{\"@type\":\"BlogPosting\",\"@id\":\"https:\\\/\\\/www.montur.cat\\\/es\\\/970\\\/#blogposting\",\"name\":\"- MONTUR\",\"author\":{\"@id\":\"https:\\\/\\\/www.montur.cat\\\/es\\\/author\\\/mon\\\/#author\"},\"publisher\":{\"@id\":\"https:\\\/\\\/www.montur.cat\\\/es\\\/#person\"},\"image\":{\"@type\":\"ImageObject\",\"url\":\"https:\\\/\\\/www.montur.cat\\\/wp-content\\\/uploads\\\/2016\\\/10\\\/tedh.jpeg\",\"width\":332,\"height\":132},\"datePublished\":\"2016-10-17T12:15:01+01:00\",\"dateModified\":\"2016-10-17T12:15:01+01:00\",\"inLanguage\":\"es-ES\",\"mainEntityOfPage\":{\"@id\":\"https:\\\/\\\/www.montur.cat\\\/es\\\/970\\\/#webpage\"},\"isPartOf\":{\"@id\":\"https:\\\/\\\/www.montur.cat\\\/es\\\/970\\\/#webpage\"},\"articleSection\":\"Destacadas, Noticias, Optional\"},{\"@type\":\"BreadcrumbList\",\"@id\":\"https:\\\/\\\/www.montur.cat\\\/es\\\/970\\\/#breadcrumblist\",\"itemListElement\":[{\"@type\":\"ListItem\",\"@id\":\"https:\\\/\\\/www.montur.cat\\\/es\\\/#listItem\",\"position\":1,\"name\":\"Home\",\"item\":\"https:\\\/\\\/www.montur.cat\\\/es\\\/\",\"nextItem\":{\"@type\":\"ListItem\",\"@id\":\"https:\\\/\\\/www.montur.cat\\\/es\\\/category\\\/destacadas\\\/#listItem\",\"name\":\"Destacadas\"}},{\"@type\":\"ListItem\",\"@id\":\"https:\\\/\\\/www.montur.cat\\\/es\\\/category\\\/destacadas\\\/#listItem\",\"position\":2,\"name\":\"Destacadas\",\"item\":\"https:\\\/\\\/www.montur.cat\\\/es\\\/category\\\/destacadas\\\/\",\"previousItem\":{\"@type\":\"ListItem\",\"@id\":\"https:\\\/\\\/www.montur.cat\\\/es\\\/#listItem\",\"name\":\"Home\"}},{\"@type\":\"ListItem\",\"@id\":\"https:\\\/\\\/www.montur.cat\\\/es\\\/970\\\/#listItem\",\"position\":3,\"previousItem\":{\"@type\":\"ListItem\",\"@id\":\"https:\\\/\\\/www.montur.cat\\\/es\\\/category\\\/destacadas\\\/#listItem\",\"name\":\"Destacadas\"}}]},{\"@type\":\"Person\",\"@id\":\"https:\\\/\\\/www.montur.cat\\\/es\\\/#person\",\"name\":\"Montserrat Tur\",\"sameAs\":[\"https:\\\/\\\/www.facebook.com\\\/www.montur.cat\",\"https:\\\/\\\/www.instagram.com\\\/mon_tur_68\"]},{\"@type\":\"Person\",\"@id\":\"https:\\\/\\\/www.montur.cat\\\/es\\\/author\\\/mon\\\/#author\",\"url\":\"https:\\\/\\\/www.montur.cat\\\/es\\\/author\\\/mon\\\/\",\"name\":\"Montserrrat Tur\",\"image\":{\"@type\":\"ImageObject\",\"@id\":\"https:\\\/\\\/www.montur.cat\\\/es\\\/970\\\/#authorImage\",\"url\":\"https:\\\/\\\/secure.gravatar.com\\\/avatar\\\/f1d856b7e00d55aa8a717ee3d33e1beef6b9f9e3db5c355382c7e7b08c5af5b8?s=96&d=mm&r=g\",\"width\":96,\"height\":96,\"caption\":\"Montserrrat Tur\"}},{\"@type\":\"WebPage\",\"@id\":\"https:\\\/\\\/www.montur.cat\\\/es\\\/970\\\/#webpage\",\"url\":\"https:\\\/\\\/www.montur.cat\\\/es\\\/970\\\/\",\"name\":\"- MONTUR\",\"description\":\"El Tribunal Europeo de Derechos Humanos, ha condenado a Espa\\u00f1a a indemnizar a una madre a la que en la sentencia de divorcio el Juzgado acord\\u00f3 una custodia compartida sin escuchar la opini\\u00f3n de las hijas menores de edad, que pidieron al Juzgado expresar su opini\\u00f3n. Atendiendo que las sentencias de este Tribunal son aplicables\",\"inLanguage\":\"es-ES\",\"isPartOf\":{\"@id\":\"https:\\\/\\\/www.montur.cat\\\/es\\\/#website\"},\"breadcrumb\":{\"@id\":\"https:\\\/\\\/www.montur.cat\\\/es\\\/970\\\/#breadcrumblist\"},\"author\":{\"@id\":\"https:\\\/\\\/www.montur.cat\\\/es\\\/author\\\/mon\\\/#author\"},\"creator\":{\"@id\":\"https:\\\/\\\/www.montur.cat\\\/es\\\/author\\\/mon\\\/#author\"},\"image\":{\"@type\":\"ImageObject\",\"url\":\"https:\\\/\\\/www.montur.cat\\\/wp-content\\\/uploads\\\/2016\\\/10\\\/tedh.jpeg\",\"@id\":\"https:\\\/\\\/www.montur.cat\\\/es\\\/970\\\/#mainImage\",\"width\":332,\"height\":132},\"primaryImageOfPage\":{\"@id\":\"https:\\\/\\\/www.montur.cat\\\/es\\\/970\\\/#mainImage\"},\"datePublished\":\"2016-10-17T12:15:01+01:00\",\"dateModified\":\"2016-10-17T12:15:01+01:00\"},{\"@type\":\"WebSite\",\"@id\":\"https:\\\/\\\/www.montur.cat\\\/es\\\/#website\",\"url\":\"https:\\\/\\\/www.montur.cat\\\/es\\\/\",\"name\":\"MONTUR\",\"description\":\"Advocats de fam\\u00edlia, mediaci\\u00f3 i divorce coaching\",\"inLanguage\":\"es-ES\",\"publisher\":{\"@id\":\"https:\\\/\\\/www.montur.cat\\\/es\\\/#person\"}}]}\n\t\t<\/script>\n\t\t<!-- All in One SEO -->\n\n","aioseo_head_json":{"title":"- MONTUR","description":"El Tribunal Europeo de Derechos Humanos, ha condenado a Espa\u00f1a a indemnizar a una madre a la que en la sentencia de divorcio el Juzgado acord\u00f3 una custodia compartida sin escuchar la opini\u00f3n de las hijas menores de edad, que pidieron al Juzgado expresar su opini\u00f3n. Atendiendo que las sentencias de este Tribunal son aplicables","canonical_url":"https:\/\/www.montur.cat\/es\/970\/","robots":"max-image-preview:large","keywords":"","webmasterTools":{"miscellaneous":""},"schema":{"@context":"https:\/\/schema.org","@graph":[{"@type":"BlogPosting","@id":"https:\/\/www.montur.cat\/es\/970\/#blogposting","name":"- MONTUR","author":{"@id":"https:\/\/www.montur.cat\/es\/author\/mon\/#author"},"publisher":{"@id":"https:\/\/www.montur.cat\/es\/#person"},"image":{"@type":"ImageObject","url":"https:\/\/www.montur.cat\/wp-content\/uploads\/2016\/10\/tedh.jpeg","width":332,"height":132},"datePublished":"2016-10-17T12:15:01+01:00","dateModified":"2016-10-17T12:15:01+01:00","inLanguage":"es-ES","mainEntityOfPage":{"@id":"https:\/\/www.montur.cat\/es\/970\/#webpage"},"isPartOf":{"@id":"https:\/\/www.montur.cat\/es\/970\/#webpage"},"articleSection":"Destacadas, Noticias, Optional"},{"@type":"BreadcrumbList","@id":"https:\/\/www.montur.cat\/es\/970\/#breadcrumblist","itemListElement":[{"@type":"ListItem","@id":"https:\/\/www.montur.cat\/es\/#listItem","position":1,"name":"Home","item":"https:\/\/www.montur.cat\/es\/","nextItem":{"@type":"ListItem","@id":"https:\/\/www.montur.cat\/es\/category\/destacadas\/#listItem","name":"Destacadas"}},{"@type":"ListItem","@id":"https:\/\/www.montur.cat\/es\/category\/destacadas\/#listItem","position":2,"name":"Destacadas","item":"https:\/\/www.montur.cat\/es\/category\/destacadas\/","previousItem":{"@type":"ListItem","@id":"https:\/\/www.montur.cat\/es\/#listItem","name":"Home"}},{"@type":"ListItem","@id":"https:\/\/www.montur.cat\/es\/970\/#listItem","position":3,"previousItem":{"@type":"ListItem","@id":"https:\/\/www.montur.cat\/es\/category\/destacadas\/#listItem","name":"Destacadas"}}]},{"@type":"Person","@id":"https:\/\/www.montur.cat\/es\/#person","name":"Montserrat Tur","sameAs":["https:\/\/www.facebook.com\/www.montur.cat","https:\/\/www.instagram.com\/mon_tur_68"]},{"@type":"Person","@id":"https:\/\/www.montur.cat\/es\/author\/mon\/#author","url":"https:\/\/www.montur.cat\/es\/author\/mon\/","name":"Montserrrat Tur","image":{"@type":"ImageObject","@id":"https:\/\/www.montur.cat\/es\/970\/#authorImage","url":"https:\/\/secure.gravatar.com\/avatar\/f1d856b7e00d55aa8a717ee3d33e1beef6b9f9e3db5c355382c7e7b08c5af5b8?s=96&d=mm&r=g","width":96,"height":96,"caption":"Montserrrat Tur"}},{"@type":"WebPage","@id":"https:\/\/www.montur.cat\/es\/970\/#webpage","url":"https:\/\/www.montur.cat\/es\/970\/","name":"- MONTUR","description":"El Tribunal Europeo de Derechos Humanos, ha condenado a Espa\u00f1a a indemnizar a una madre a la que en la sentencia de divorcio el Juzgado acord\u00f3 una custodia compartida sin escuchar la opini\u00f3n de las hijas menores de edad, que pidieron al Juzgado expresar su opini\u00f3n. Atendiendo que las sentencias de este Tribunal son aplicables","inLanguage":"es-ES","isPartOf":{"@id":"https:\/\/www.montur.cat\/es\/#website"},"breadcrumb":{"@id":"https:\/\/www.montur.cat\/es\/970\/#breadcrumblist"},"author":{"@id":"https:\/\/www.montur.cat\/es\/author\/mon\/#author"},"creator":{"@id":"https:\/\/www.montur.cat\/es\/author\/mon\/#author"},"image":{"@type":"ImageObject","url":"https:\/\/www.montur.cat\/wp-content\/uploads\/2016\/10\/tedh.jpeg","@id":"https:\/\/www.montur.cat\/es\/970\/#mainImage","width":332,"height":132},"primaryImageOfPage":{"@id":"https:\/\/www.montur.cat\/es\/970\/#mainImage"},"datePublished":"2016-10-17T12:15:01+01:00","dateModified":"2016-10-17T12:15:01+01:00"},{"@type":"WebSite","@id":"https:\/\/www.montur.cat\/es\/#website","url":"https:\/\/www.montur.cat\/es\/","name":"MONTUR","description":"Advocats de fam\u00edlia, mediaci\u00f3 i divorce coaching","inLanguage":"es-ES","publisher":{"@id":"https:\/\/www.montur.cat\/es\/#person"}}]},"og:locale":"es_ES","og:site_name":"MONTUR","og:type":"article","og:title":"- MONTUR","og:description":"El Tribunal Europeo de Derechos Humanos, ha condenado a Espa\u00f1a a indemnizar a una madre a la que en la sentencia de divorcio el Juzgado acord\u00f3 una custodia compartida sin escuchar la opini\u00f3n de las hijas menores de edad, que pidieron al Juzgado expresar su opini\u00f3n. Atendiendo que las sentencias de este Tribunal son aplicables","og:url":"https:\/\/www.montur.cat\/es\/970\/","og:image":"https:\/\/www.montur.cat\/wp-content\/uploads\/2016\/10\/tedh.jpeg","og:image:secure_url":"https:\/\/www.montur.cat\/wp-content\/uploads\/2016\/10\/tedh.jpeg","og:image:width":332,"og:image:height":132,"article:section":"Destacades","article:published_time":"2016-10-17T11:15:01+00:00","article:modified_time":"2016-10-17T11:15:01+00:00","article:publisher":"https:\/\/www.facebook.com\/www.montur.cat","twitter:card":"summary","twitter:title":"- MONTUR","twitter:description":"El Tribunal Europeo de Derechos Humanos, ha condenado a Espa\u00f1a a indemnizar a una madre a la que en la sentencia de divorcio el Juzgado acord\u00f3 una custodia compartida sin escuchar la opini\u00f3n de las hijas menores de edad, que pidieron al Juzgado expresar su opini\u00f3n. Atendiendo que las sentencias de este Tribunal son aplicables","twitter:image":"https:\/\/www.montur.cat\/wp-content\/uploads\/2016\/10\/tedh.jpeg","twitter:label1":"Escrito por","twitter:data1":"Montserrrat Tur","twitter:label2":"Tiempo de lectura estimado","twitter:data2":"1 minuto"},"aioseo_meta_data":{"post_id":"970","title":null,"description":null,"keywords":null,"keyphrases":null,"primary_term":null,"canonical_url":null,"og_title":null,"og_description":null,"og_object_type":"default","og_image_type":"featured","og_image_url":null,"og_image_width":null,"og_image_height":null,"og_image_custom_url":null,"og_image_custom_fields":null,"og_video":null,"og_custom_url":null,"og_article_section":"Destacades","og_article_tags":null,"twitter_use_og":true,"twitter_card":"default","twitter_image_type":"default","twitter_image_url":null,"twitter_image_custom_url":null,"twitter_image_custom_fields":null,"twitter_title":null,"twitter_description":null,"schema":{"blockGraphs":[],"customGraphs":[],"default":{"data":{"Article":[],"Course":[],"Dataset":[],"FAQPage":[],"Movie":[],"Person":[],"Product":[],"ProductReview":[],"Car":[],"Recipe":[],"Service":[],"SoftwareApplication":[],"WebPage":[]},"graphName":"","isEnabled":true},"graphs":[]},"schema_type":"default","schema_type_options":null,"pillar_content":false,"robots_default":true,"robots_noindex":false,"robots_noarchive":false,"robots_nosnippet":false,"robots_nofollow":false,"robots_noimageindex":false,"robots_noodp":false,"robots_notranslate":false,"robots_max_snippet":null,"robots_max_videopreview":null,"robots_max_imagepreview":"large","priority":null,"frequency":null,"local_seo":null,"limit_modified_date":false,"created":"2022-12-09 11:28:03","updated":"2026-07-24 07:46:27","ai":null,"breadcrumb_settings":null,"seo_analyzer_scan_date":null,"focus_keyword":null,"additional_keywords":null,"truseo_locale":null},"aioseo_breadcrumb":"<div class=\"aioseo-breadcrumbs\"><span class=\"aioseo-breadcrumb\">\n\t\t\t<a href=\"https:\/\/www.montur.cat\/es\/\" title=\"Home\">Home<\/a>\n\t\t<\/span><span class=\"aioseo-breadcrumb-separator\">&raquo;<\/span><span class=\"aioseo-breadcrumb\">\n\t\t\t<a href=\"https:\/\/www.montur.cat\/es\/category\/destacadas\/\" title=\"Destacadas\">Destacadas<\/a>\n\t\t<\/span><span class=\"aioseo-breadcrumb-separator\">&raquo;<\/span><span class=\"aioseo-breadcrumb\">\n\t\t\t\n\t\t<\/span><\/div>","aioseo_breadcrumb_json":[{"label":"Home","link":"https:\/\/www.montur.cat\/es\/"},{"label":"Destacadas","link":"https:\/\/www.montur.cat\/es\/category\/destacadas\/"},{"label":"","link":"https:\/\/www.montur.cat\/es\/970\/"}],"_links":{"self":[{"href":"https:\/\/www.montur.cat\/es\/wp-json\/wp\/v2\/posts\/970","targetHints":{"allow":["GET"]}}],"collection":[{"href":"https:\/\/www.montur.cat\/es\/wp-json\/wp\/v2\/posts"}],"about":[{"href":"https:\/\/www.montur.cat\/es\/wp-json\/wp\/v2\/types\/post"}],"author":[{"embeddable":true,"href":"https:\/\/www.montur.cat\/es\/wp-json\/wp\/v2\/users\/3"}],"replies":[{"embeddable":true,"href":"https:\/\/www.montur.cat\/es\/wp-json\/wp\/v2\/comments?post=970"}],"version-history":[{"count":1,"href":"https:\/\/www.montur.cat\/es\/wp-json\/wp\/v2\/posts\/970\/revisions"}],"predecessor-version":[{"id":971,"href":"https:\/\/www.montur.cat\/es\/wp-json\/wp\/v2\/posts\/970\/revisions\/971"}],"wp:featuredmedia":[{"embeddable":true,"href":"https:\/\/www.montur.cat\/es\/wp-json\/wp\/v2\/media\/968"}],"wp:attachment":[{"href":"https:\/\/www.montur.cat\/es\/wp-json\/wp\/v2\/media?parent=970"}],"wp:term":[{"taxonomy":"category","embeddable":true,"href":"https:\/\/www.montur.cat\/es\/wp-json\/wp\/v2\/categories?post=970"},{"taxonomy":"post_tag","embeddable":true,"href":"https:\/\/www.montur.cat\/es\/wp-json\/wp\/v2\/tags?post=970"}],"curies":[{"name":"wp","href":"https:\/\/api.w.org\/{rel}","templated":true}]}}